{"id":2067,"date":"2021-04-29T21:44:53","date_gmt":"2021-04-30T00:44:53","guid":{"rendered":"https:\/\/www.cuartodemilla.com.uy\/?p=2067"},"modified":"2021-07-13T17:48:28","modified_gmt":"2021-07-13T20:48:28","slug":"entrevistas","status":"publish","type":"post","link":"https:\/\/www.cuartodemilla.com.uy\/?p=2067","title":{"rendered":"\u00a1LOS M\u00c1S CHICOS!"},"content":{"rendered":"\n<div class=\"wp-block-image\"><figure class=\"alignleft size-large is-resized\"><img loading=\"lazy\" decoding=\"async\" src=\"https:\/\/www.cuartodemilla.com.uy\/wp-content\/uploads\/2021\/04\/Noah-Aranguren-1024x994.jpeg\" alt=\"\" class=\"wp-image-2028\" width=\"354\" height=\"290\"\/><\/figure><\/div>\n\n\n\n<p><strong>NOAH ARANGUREN \u2013 6 a\u00f1os<\/strong><\/p>\n\n\n\n<p class=\"text-justify\">Me gusta mucho andar a caballo. Porque los caballos son lo m\u00e1s lindos. Me gusta m\u00e1s competir en la parte de ganado. Me gusta m\u00e1s ir a competir a Melilla. Me gustar\u00eda poder enlazar.<\/p>\n\n\n\n<div style=\"height:22px\" aria-hidden=\"true\" class=\"wp-block-spacer\"><\/div>\n\n\n\n<div class=\"wp-block-image\"><figure class=\"alignleft size-large is-resized\"><img loading=\"lazy\" decoding=\"async\" src=\"https:\/\/www.cuartodemilla.com.uy\/wp-content\/uploads\/2021\/04\/Amelia-Johnson.jpeg\" alt=\"\" class=\"wp-image-2029\" width=\"354\" height=\"233\" srcset=\"https:\/\/www.cuartodemilla.com.uy\/wp-content\/uploads\/2021\/04\/Amelia-Johnson.jpeg 472w, https:\/\/www.cuartodemilla.com.uy\/wp-content\/uploads\/2021\/04\/Amelia-Johnson-300x198.jpeg 300w\" sizes=\"auto, (max-width: 354px) 100vw, 354px\" \/><\/figure><\/div>\n\n\n\n<p><strong>AMELIA JOHNSON \u2013 9 A\u00d1OS<\/strong><\/p>\n\n\n\n<p class=\"text-justify\">Mi nombre es Amelia, tengo 9 a\u00f1os, soy de dolores y corro en Cuarto de Milla desde que tengo 7 a\u00f1os, aunque no corr\u00ed mucho porque mi caballo se lesion\u00f3. Pero si ando mucho a caballo en mi casa. Mi primer carrera fue en Minas donde sal\u00ed segunda porque corr\u00ed s\u00f3lo contra mi hermana.\u00a0 Desde que mi hermana corre quiero correr, cuando me compraron mi caballo RS Sundance Vit pude hacerlo.\u00a0 Me gustan m\u00e1s los barriles porque me parecen m\u00e1s f\u00e1ciles, en las estacas es m\u00e1s f\u00e1cil tirar una.\u00a0 No corr\u00ed en muchos lugares, pero me gust\u00f3 Minas. Corro con mi hermana y mis amigas Bianca, Emilia y Luc\u00eda tambi\u00e9n mi hermana M\u00eda. Nosotras entrenamos en lo de Mario aunque este a\u00f1o por el Coronavirus no vamos a ir al Prado.\u00a0 Espero alg\u00fan d\u00eda ganarle a mi hermana en los barriles y que haya muchos m\u00e1s competidores.<\/p>\n\n\n\n<div style=\"height:22px\" aria-hidden=\"true\" class=\"wp-block-spacer\"><\/div>\n\n\n\n<div class=\"wp-block-image\"><figure class=\"alignleft size-large is-resized\"><img loading=\"lazy\" decoding=\"async\" src=\"https:\/\/www.cuartodemilla.com.uy\/wp-content\/uploads\/2021\/04\/Benjamin-Aranguren-576x1024.jpeg\" alt=\"\" class=\"wp-image-2030\" width=\"354\" height=\"567\"\/><\/figure><\/div>\n\n\n\n<p><strong>BENJAMIN ARANGUREN \u2013 9 a\u00f1os<\/strong><\/p>\n\n\n\n<p class=\"text-justify\">Me encanta competir porque me gustan mucho los caballos. Me parecen m\u00e1s lindos los caballos Cuarto de Milla. Me gusta competir en los barriles. Me gusta competir en Melilla. Conoc\u00ed a mucha gente en las competencias. Me gustar\u00eda poder entrar en la disciplina de las pialadas.\u00a0 Mi an\u00e9cdota es, cuando compet\u00ed en el prado me acuerdo que llov\u00eda mucho y me pesaba mucho el poncho. Ten\u00eda 6 a\u00f1os<\/p>\n\n\n\n<div style=\"height:22px\" aria-hidden=\"true\" class=\"wp-block-spacer\"><\/div>\n\n\n\n<div class=\"wp-block-image\"><figure class=\"alignleft size-large is-resized\"><img loading=\"lazy\" decoding=\"async\" src=\"https:\/\/www.cuartodemilla.com.uy\/wp-content\/uploads\/2021\/04\/Mia-Johnson.jpeg\" alt=\"\" class=\"wp-image-2037\" width=\"354\" height=\"336\"\/><\/figure><\/div>\n\n\n\n<p><strong>MIA JOHNSON \u2013 12 A\u00d1OS<\/strong><\/p>\n\n\n\n<p class=\"text-justify\">Hola soy M\u00eda Johnson, tengo 12 a\u00f1os, soy de dolores y corro en Cuarto de Milla desde los 7 a\u00f1os. Mi primer competencia fue en la Expo Mercedes y ah\u00ed compart\u00ed mi caballo LM g\u00e1nster dun it con mi amiga Bianca, \u00e9ramos re chicas y yo estaba muy nerviosa. Para m\u00ed, andar a caballo es sentirme libre, vivo en el campo as\u00ed que puedo andar todas las veces que quiero. Por lo general casi todos los d\u00edas.  Eleg\u00ed la raza Cuarto de Milla porque mi prima Mar\u00eda Paz Dhilan corr\u00eda. Me gusta la raza porque son tranquilos y a la hora de correr son muy \u00e1giles, se ponen nerviosos antes de correr como mi caballo Julio.\u00a0 Me gustan m\u00e1s los barriles que las estacas, mi caballo es m\u00e1s bueno en barriles tambi\u00e9n. La localidad que m\u00e1s me gust\u00f3 fue Costa Azul por su pista y el lugar era muy lindo. Otro lugar lindo fue tierra de caballos en Carmelo. Mis amigas son las que corren conmigo Bianca, Emilia, Luc\u00eda y ahora mi hermana Amelia pero s\u00ed conoc\u00ed otras personas en las competencias. En el futuro espero que cada vez sean m\u00e1s los ni\u00f1os en cada categor\u00eda y que los premios no sean siempre iguales, tambi\u00e9n me gustar\u00eda que haya m\u00e1s fechas de competencia.<\/p>\n\n\n\n<div style=\"height:22px\" aria-hidden=\"true\" class=\"wp-block-spacer\"><\/div>\n\n\n\n<div class=\"wp-block-image\"><figure class=\"alignleft size-large is-resized\"><img loading=\"lazy\" decoding=\"async\" src=\"https:\/\/www.cuartodemilla.com.uy\/wp-content\/uploads\/2021\/04\/Emilia-Echezarrteta-768x1024.jpeg\" alt=\"\" class=\"wp-image-2042\" width=\"354\" height=\"468\"\/><\/figure><\/div>\n\n\n\n<p><strong>EMILIA ECHEZARRETA \u2013 14 A\u00d1OS<\/strong><\/p>\n\n\n\n<p class=\"text-justify\">Soy Emilia Echezarreta y vivo en Dolores, Soriano. Hoy corro en Cuarto de Milla con 14 a\u00f1os pero comenc\u00e9 a entrenar a los 8.\u00a0 Mi equipo lo conformo con Mercurio, mi caballo que siempre me acompa\u00f1a. Tengo amigos que corren las mismas disciplinas que yo, barriles y estacas y tambi\u00e9n mis dos hermanos Agust\u00edn y Lucia.  Las competencias son muy especiales para nosotros y m\u00e1s a\u00fan la de Expo Prado. Espero poder seguir en esta actividad mucho tiempo m\u00e1s y seguir aprendiendo y tambi\u00e9n que m\u00e1s chicos de mi edad probaran esta disciplina tan emocionante.<\/p>\n\n\n\n<div style=\"height:22px\" aria-hidden=\"true\" class=\"wp-block-spacer\"><\/div>\n\n\n\n<div class=\"wp-block-image\"><figure class=\"alignleft size-large is-resized\"><img loading=\"lazy\" decoding=\"async\" src=\"https:\/\/www.cuartodemilla.com.uy\/wp-content\/uploads\/2021\/04\/Valentino-Guinovart.jpeg\" alt=\"\" class=\"wp-image-2046\" width=\"354\" height=\"472\"\/><\/figure><\/div>\n\n\n\n<p><strong>VALENTINO GUINOVART \u2013 15 a\u00f1os<\/strong><\/p>\n\n\n\n<p class=\"text-justify\">Mi nombre es Valentino Guinovart.  Para mi andar a caballo es algo que me gusta como deporte y disciplina. Me cri\u00e9 viendo a mi padre trabajando vinculado a los caballos. Comenc\u00e9 andando en un Petiso que me regalaron para mi cumplea\u00f1os, se llamaba invasor como el pingo pura sangre. Despu\u00e9s comenc\u00e9 a montar otros caballos y razas que mi padre ten\u00eda trabajando hasta que un d\u00eda mis padres me regalaron a Bronco mi primer Cuarto de Milla. Su mansedumbre y docilidad me permiti\u00f3 poder comenzar a competir.\u00a0 Justo mi padre estaba domando a Bandido de los 4 vientos (un ballo hermoso) y surgi\u00f3 que el Sr. Anchorena, propietario de la estancia, se interes\u00f3 en Bronco. Mi padre lo vendi\u00f3, al poco tiempo tambi\u00e9n vendi\u00f3 a Bandido y me qued\u00e9 sin caballo!!!! Lo que no sab\u00eda, es que llegar\u00eda la GRAN Annuka Gold, esa tordilla que siempre dej\u00f3 todo en las pistas. Aprend\u00ed mucho junto con ella y disfrutamos mucho toda mi familia de ella. Siempre compet\u00ed en barriles, estacas y ganado, pero me gusta mucho la rienda y el trabajo con ganado. Para este Prado voy con una yegua propiedad de un amigo Diego Guedes que la entren\u00e9 para rienda con la ayuda y consejos de Santiago Cilleruelo. Tambi\u00e9n estoy domando mi primer potra para futuras competencias. El Prado es una fecha muy especial, todos queremos estar y mostrar nuestros animales y trabajo, me gustar\u00eda que hubiese m\u00e1s fechas durante el a\u00f1o, pasa mucho tiempo entre cada una y es un trabajo de todo el a\u00f1o, ojal\u00e1 se pudieran realizar 9 o 10 fechas en el a\u00f1o, se cosechan muchas amistades y contactos que hacen que uno pueda crecer y aprender. Me gustar\u00eda que la Sociedad pudiera realizar m\u00e1s fechas durante el a\u00f1o, que se pudieran dictar cl\u00ednicas de doma y rienda, m\u00e1s informaci\u00f3n y posibilidades para toda la gurisada que nos gusta y apasiona la raza. Como surgi\u00f3 la posibilidad de que los ganadores de embretada viajen a Colombia, que los ganadores de las otras disciplinas tambi\u00e9n tengan la posibilidad de viajar para aprender.<\/p>\n\n\n\n<div style=\"height:22px\" aria-hidden=\"true\" class=\"wp-block-spacer\"><\/div>\n\n\n\n<div class=\"wp-block-image\"><figure class=\"alignleft size-large is-resized\"><img loading=\"lazy\" decoding=\"async\" src=\"https:\/\/www.cuartodemilla.com.uy\/wp-content\/uploads\/2021\/04\/Santiago-Odella.jpeg\" alt=\"\" class=\"wp-image-2084\" width=\"354\" height=\"330\"\/><\/figure><\/div>\n\n\n\n<p><strong>SANTIAGO ODELLA \u2013 17 A\u00d1OS<\/strong><\/p>\n\n\n\n<p class=\"text-justify\">Andar a caballo es algo que hacemos todos los d\u00edas, no por compromiso, m\u00e1s all\u00e1 de la existencia de alguna competencia cercana o no, andamos en ellos porque nos gusta. El caballo para nosotros debe ser algunos de nuestros pocos compa\u00f1eros de todos los d\u00edas. M\u00e1s all\u00e1 de competir para ganar, yo, en mi caso, veo las competencias, las pruebas, como algo divertido y no por el hecho simplemente de ganar. El caballo Cuarto de Milla me gusta en general, desde su f\u00edsico, su forma y postura para andar en \u00e9l, pero tambi\u00e9n en su capacidad de aprendizaje; lo considero un caballo muy inteligente para cualquier deporte. Me gustan las disciplinas en las que compito: estacas y barriles. En ocasiones he participado en clasificaci\u00f3n de ganado aunque tambi\u00e9n me gustar\u00eda poder participar del aparte de ganado en el cual se suman puntuaciones para participar en los mundiales. Como la gran mayor\u00eda de los competidores, debemos coincidir en que la fecha m\u00e1s linda para competir es el Prado, \u00bfpor qu\u00e9?, \u00bfqu\u00e9 evento de caballos en Uruguay es m\u00e1s grande que el Prado? ninguno, y por ello es pr\u00e1cticamente el sue\u00f1o de mucha gente poder pisar ese ruedo con sus caballos. En las competencias he hecho muchos conocidos y un par de amigos, que eso tambi\u00e9n es lo lindo de competir, hacer conocidos y amigos.<\/p>\n\n\n\n<div style=\"height:22px\" aria-hidden=\"true\" class=\"wp-block-spacer\"><\/div>\n\n\n\n<div class=\"wp-block-image\"><figure class=\"alignleft size-large\"><img loading=\"lazy\" decoding=\"async\" width=\"354\" height=\"262\" src=\"https:\/\/www.cuartodemilla.com.uy\/wp-content\/uploads\/2021\/04\/Belen-Marquez-1.jpg\" alt=\"\" class=\"wp-image-2085\" srcset=\"https:\/\/www.cuartodemilla.com.uy\/wp-content\/uploads\/2021\/04\/Belen-Marquez-1.jpg 354w, https:\/\/www.cuartodemilla.com.uy\/wp-content\/uploads\/2021\/04\/Belen-Marquez-1-300x222.jpg 300w\" sizes=\"auto, (max-width: 354px) 100vw, 354px\" \/><\/figure><\/div>\n\n\n\n<p><strong>BELEN MARQUEZ &#8211; 17 A\u00d1OS<\/strong>.<\/p>\n\n\n\n<p class=\"text-justify\">Mi nombre es Bel\u00e9n Marquez, tengo 17 a\u00f1os.\u00a0 El primer amor es el caballo, desde chica comenc\u00e9 a montar a caballo y experiment\u00e9 una sensaci\u00f3n inigualable, amor por el caballo y una comuni\u00f3n con el ejemplar en diferentes actividades; la primera competencia que hice en mi vida fue haciendo una disciplina llamada \u201cvoaulting\u201d que la comenc\u00e9 en el Club H\u00edpico de Solymar, ah\u00ed logre representar a Uruguay en 2 oportunidades tanto en Argentina como aqu\u00ed; luego comenc\u00e9 a competir en pruebas de barriles en 5 barriles y en 3 por tiempo hasta que lleg\u00f3 a mi vida el Cuarto de Milla y siento que una competencia es la demostraci\u00f3n cabal del binomio caballo y jinete.\u00a0Empec\u00e9 admirando el Cuarto de Milla por lo completo del animal, en su morfolog\u00eda, agilidad, inteligencia y lo funcional que es. Hasta que lleg\u00f3 el momento de meterme de lleno en la raza y hoy podemos decir que comenzamos con una peque\u00f1a caba\u00f1a llamada \u201cLa Colorada\u201d en homenaje al pelo de mi primera yegua llamada \u201cFlicka\u201d. Luego apareci\u00f3 una gran influencia de \u00c1lvaro Indaburu adentr\u00e1ndome a\u00fan m\u00e1s en la raza ya adquiriendo ejemplares con pedigr\u00ed y hemos echado en cr\u00eda 2 de nuestras yeguas con el gran ejemplar padrillo \u201cCrack Tru Luck\u201d. Sin dudas lo que m\u00e1s me atrapa es la competencia de barriles, dentro de la sociedad ya logramos un tercer puesto en la Expo Durazno 2020, y estoy entrenando para la Expo Prado 2020. Fuera de la sociedad, compito en el campeonato uruguayo de pruebas de riendas, logrando en la fecha de Minas la clasificaci\u00f3n a la final en diciembre en el Prado. Siempre es lindo competir en el escenario mayor que es el Prado; pero cuando monto a mi yegua \u201cMatre Revel Toquetona\u201d nos gusta competir en todos lados. Por suerte hay un excelente ambiente que m\u00e1s all\u00e1 de la competencia hay compa\u00f1erismo y respeto entre todos. Espero poder seguir creciendo con la caba\u00f1a, trabajar para poder mejorar cada ejemplar que salga de nuestra caba\u00f1a y con respecto a las competencias, participar en la mayor cantidad posible de ellas. Una linda an\u00e9cdota fue en el d\u00eda 2 de diciembre del a\u00f1o pasado, el d\u00eda de mi cumplea\u00f1os, mis padres me sorprendieron con un gran regalo que fue darme mi primer yegua de pedigr\u00ed \u201cMatre Revel Toquetona\u201d, gracias a eso fue que empezamos con la caba\u00f1a y el lindo proyecto a futuro de seguir criando caballos de la raza que tanto me gusta.<\/p>\n\n\n\n<div style=\"height:22px\" aria-hidden=\"true\" class=\"wp-block-spacer\"><\/div>\n\n\n\n<div class=\"wp-block-image\"><figure class=\"alignleft size-large\"><img loading=\"lazy\" decoding=\"async\" width=\"354\" height=\"195\" src=\"https:\/\/www.cuartodemilla.com.uy\/wp-content\/uploads\/2021\/04\/Bruno-Souza.jpeg\" alt=\"\" class=\"wp-image-2086\" srcset=\"https:\/\/www.cuartodemilla.com.uy\/wp-content\/uploads\/2021\/04\/Bruno-Souza.jpeg 354w, https:\/\/www.cuartodemilla.com.uy\/wp-content\/uploads\/2021\/04\/Bruno-Souza-300x165.jpeg 300w\" sizes=\"auto, (max-width: 354px) 100vw, 354px\" \/><\/figure><\/div>\n\n\n\n<p><strong>BRUNO SOUZA \u2013 18 A\u00d1OS<\/strong><\/p>\n\n\n\n<p class=\"text-justify\">Como todos sabemos este a\u00f1o se cumple el 40ta aniversario de la raza Cuarto de Milla, esta raza que nos une, y nos genera tanta pasi\u00f3n. Es una l\u00e1stima que debido a estas circunstancias que estamos viviendo este sea el \u00fanico medio que nos una.\u00a0M\u00e1s all\u00e1 de todo esto creo que todos compartimos esa pasi\u00f3n enorme por el caballo Cuarto de Milla. En lo personal el caballo me ense\u00f1\u00f3 y me cambi\u00f3 en muchos aspectos ya que forma gran parte de mi vida.\u00a0A lo largo de mi vida he dejado muchas cosas de lado por acercarme al caballo, as\u00ed como a su vez gan\u00e9 en muchos aspectos, pero al final y al cabo es lo que me apasiona. Toda mi vida, desde muy chico estuve cerca de los caballos siempre, por mi familia m\u00e1s que nada, pero fue reci\u00e9n a los 11 a\u00f1os cuando me empec\u00e9 a meter m\u00e1s de lleno en las competencias, y ah\u00ed mismo fue que surgi\u00f3 este acercamiento con la raza, debido a la gran versatilidad que tiene esta, ya sea para el trabajo en el campo, salir a recorrer o \u00bfporque no competir en alguna que otra competencia?, por supuesto que siempre dando lo mejor de m\u00ed y apostando al progreso y la superaci\u00f3n con los mejores resultados. Todas esas cosas fueron las que nos llevaron a elegir a mi padre, mi hermano y a m\u00ed esta raza, un caballo con el que se pueda hacer todo, estando tranquilo que va a dar todo. Cuando mi pap\u00e1 me coment\u00f3 si quer\u00eda competir con todo esto de los caballos mi hermano y yo est\u00e1bamos locos, no falt\u00e1bamos a una competencia, la fecha m\u00e1s linda siempre fue la del Prado, capaz por todo lo que conlleva, no s\u00f3lo ese d\u00eda sino todo lo previo, siempre nos esforzamos m\u00e1s por hacer las cosas prolijas, tener los caballos bien preparados, prolijos, etc.\u00a0 Aunque por suerte siempre pudimos disfrutar de todas. Hay que darle mucho m\u00e9rito a mi viejo en todo esto que fue \u00e9l sin duda quien hizo posible todo, no s\u00f3lo por lo econ\u00f3mico sino por el tiempo, siempre nos llev\u00f3 a cada entrenamiento y a cada competencia a pesar de la distancia, eso hay q valorarlo y agradecerlo, no s\u00f3lo habla del esfuerzo y sacrificio que lleva todo esto, sino de la persona que es m\u00ed viejo que fue el que logr\u00f3 que mi hermano y yo pudi\u00e9ramos cumplir este sue\u00f1o. Desde que comenc\u00e9 con todo esto siempre me gustaron mucho los 3 tanques, creo que ya m\u00e1s en los \u00faltimos a\u00f1os pude disfrutar mucho m\u00e1s esa disciplina, y aprender mucho m\u00e1s de ella. Me abri\u00f3 las puertas para conocer un mont\u00f3n de personas, como a Federico Delgado (presidente de la NBHA Uruguay) que con mucho esfuerzo y tiempo me pudo ense\u00f1ar mucho, m\u00e1s all\u00e1 de los 3 tanques, como persona y del caballo en general, de lo que es y lo que conlleva.\u00a0 Con mucho esfuerzo y sacrificio logramos muchas cosas juntos y sin duda que me dio la posibilidad de cumplir sue\u00f1os como representar a Uruguay en otros pa\u00edses o ganar Potros por un Sue\u00f1o. Al conocer otros pa\u00edses y ver c\u00f3mo sucede todo all\u00e1, el desarrollo de las competencias, la gen\u00e9tica de los caballos, la infraestructura, todo lo que abarca el caballo Cuarto de Milla en esos lugares, todo lo que mueve, el crecimiento de la raza, uno siempre espera que en alg\u00fan momento ac\u00e1 en Uruguay pueda ser de la misma forma, por supuesto\u00a0 que no es una cosa de un d\u00eda para el otro, y hay un largo camino para llegar a conseguirlo, pero espero que con el esfuerzo de todos, la sociedad junto con la NBHA y todos los integrantes de la raza alg\u00fan d\u00eda lo logremos.<\/p>\n","protected":false},"excerpt":{"rendered":"<p>NOAH ARANGUREN \u2013 6 a\u00f1os Me gusta mucho andar a caballo. Porque los caballos son lo m\u00e1s lindos. Me gusta m\u00e1s competir en la parte de ganado. Me gusta m\u00e1s ir a competir a Melilla. Me gustar\u00eda poder enlazar. AMELIA JOHNSON \u2013 9 A\u00d1OS Mi nombre es Amelia, tengo 9 a\u00f1os, soy de dolores y [&hellip;]<\/p>\n","protected":false},"author":1,"featured_media":2089,"comment_status":"closed","ping_status":"open","sticky":false,"template":"","format":"standard","meta":{"footnotes":""},"categories":[62],"tags":[],"class_list":["post-2067","post","type-post","status-publish","format-standard","has-post-thumbnail","hentry","category-novedades"],"_links":{"self":[{"href":"https:\/\/www.cuartodemilla.com.uy\/index.php?rest_route=\/wp\/v2\/posts\/2067","targetHints":{"allow":["GET"]}}],"collection":[{"href":"https:\/\/www.cuartodemilla.com.uy\/index.php?rest_route=\/wp\/v2\/posts"}],"about":[{"href":"https:\/\/www.cuartodemilla.com.uy\/index.php?rest_route=\/wp\/v2\/types\/post"}],"author":[{"embeddable":true,"href":"https:\/\/www.cuartodemilla.com.uy\/index.php?rest_route=\/wp\/v2\/users\/1"}],"replies":[{"embeddable":true,"href":"https:\/\/www.cuartodemilla.com.uy\/index.php?rest_route=%2Fwp%2Fv2%2Fcomments&post=2067"}],"version-history":[{"count":13,"href":"https:\/\/www.cuartodemilla.com.uy\/index.php?rest_route=\/wp\/v2\/posts\/2067\/revisions"}],"predecessor-version":[{"id":2950,"href":"https:\/\/www.cuartodemilla.com.uy\/index.php?rest_route=\/wp\/v2\/posts\/2067\/revisions\/2950"}],"wp:featuredmedia":[{"embeddable":true,"href":"https:\/\/www.cuartodemilla.com.uy\/index.php?rest_route=\/wp\/v2\/media\/2089"}],"wp:attachment":[{"href":"https:\/\/www.cuartodemilla.com.uy\/index.php?rest_route=%2Fwp%2Fv2%2Fmedia&parent=2067"}],"wp:term":[{"taxonomy":"category","embeddable":true,"href":"https:\/\/www.cuartodemilla.com.uy\/index.php?rest_route=%2Fwp%2Fv2%2Fcategories&post=2067"},{"taxonomy":"post_tag","embeddable":true,"href":"https:\/\/www.cuartodemilla.com.uy\/index.php?rest_route=%2Fwp%2Fv2%2Ftags&post=2067"}],"curies":[{"name":"wp","href":"https:\/\/api.w.org\/{rel}","templated":true}]}}